{"id":898,"date":"2011-07-30T12:29:36","date_gmt":"2011-07-30T12:29:36","guid":{"rendered":"http:\/\/www.spyderworks.de\/site1\/?p=898"},"modified":"2011-12-26T15:12:11","modified_gmt":"2011-12-26T14:12:11","slug":"2te-halbzeit","status":"publish","type":"post","link":"http:\/\/www.stefan-rauch.de\/?p=898","title":{"rendered":"2te Halbzeit"},"content":{"rendered":"<p>Nach einem ersten Halbjahr 2011 mit dem ich wirklich sehr zufrieden bin, will ich den Fokus ab jetzt aufs Laufen setzen. Als zweites Saisonhighlight hab ich mir den M\u00fcnchen Marathon ausgesucht. Dort starten noch andere Vereinskollegen und gemeinsam f\u00e4llt die Vorbereitung auf so ein Event leichter und macht auch mehr Spa\u00df.<\/p>\n<p>Um noch ein bisschen Tempoh\u00e4rte zu bekommen, will ich die Vorbereitung f\u00fcr M\u00fcnchen etwas &#8222;wettkampflastiger&#8220; gestalten als z.B. das Training f\u00fcr Roth. Nach Abstimmung mit meinen Vereinskollegen w\u00e4re das mal ein Plan:<\/p>\n<p>&nbsp;<\/p>\n<p><a href=\"http:\/\/www.stadtlauf-karben.de\/\" target=\"_blank\">Stadtlauf Karben<\/a> (14.08.) (Halbmarathon)<\/p>\n<p><a href=\"http:\/\/www.koberstaedter-marathon.de\/\" target=\"_blank\">Waldmarathon Koberstadt<\/a> (28.08.) (Halbmarathon)<\/p>\n<p><a href=\"http:\/\/www.ff-wombach.de\/index.php?option=com_content&amp;view=article&amp;id=27&amp;Itemid=13\" target=\"_blank\">Bobby Car Rennen<\/a> (11.09.)<\/p>\n<p>Bosch Rexroth Firmenlauf (17.09.) (10km)<\/p>\n<p><a href=\"http:\/\/www.rechtenbach-spessart.de\/index.php?Seite=0-7-7&amp;Sprache=0\" target=\"_blank\">Glasmacherlauf Rechtenbach<\/a> (24.09.)<\/p>\n<p><a href=\"http:\/\/www.churfrankenlauf.de\/\" target=\"_blank\">Churfrankenlauf<\/a> (25.09.) (im 2er Team; ich laufe die erste Etappe mit 28km)<\/p>\n<p><strong><a href=\"http:\/\/www.muenchenmarathon.de\" target=\"_blank\">M\u00fcnchen Marathon<\/a> (09.10.)<\/strong><\/p>\n<p>&nbsp;<\/p>\n<p>Das Bobby Car Rennen passt nat\u00fcrlich nicht in die Vorbereitung, aber das hatte ich mir schon letztes Jahr fest vorgenommmen \ud83d\ude42<\/p>\n","protected":false},"excerpt":{"rendered":"<p>Nach einem ersten Halbjahr 2011 mit dem ich wirklich sehr zufrieden bin, will ich den Fokus ab jetzt aufs Laufen setzen. Als zweites Saisonhighlight hab ich mir den M\u00fcnchen Marathon ausgesucht. Dort starten noch andere Vereinskollegen und gemeinsam f\u00e4llt die Vorbereitung auf so ein Event leichter und macht auch mehr Spa\u00df. Um noch ein bisschen &hellip; <a href=\"http:\/\/www.stefan-rauch.de\/?p=898\" class=\"more-link\"><span class=\"screen-reader-text\">2te Halbzeit<\/span> weiterlesen <span class=\"meta-nav\">&rarr;<\/span><\/a><\/p>\n","protected":false},"author":1,"featured_media":950,"comment_status":"open","ping_status":"open","sticky":false,"template":"","format":"standard","meta":{"footnotes":""},"categories":[4],"tags":[43,40,88,89,56],"_links":{"self":[{"href":"http:\/\/www.stefan-rauch.de\/index.php?rest_route=\/wp\/v2\/posts\/898"}],"collection":[{"href":"http:\/\/www.stefan-rauch.de\/index.php?rest_route=\/wp\/v2\/posts"}],"about":[{"href":"http:\/\/www.stefan-rauch.de\/index.php?rest_route=\/wp\/v2\/types\/post"}],"author":[{"embeddable":true,"href":"http:\/\/www.stefan-rauch.de\/index.php?rest_route=\/wp\/v2\/users\/1"}],"replies":[{"embeddable":true,"href":"http:\/\/www.stefan-rauch.de\/index.php?rest_route=%2Fwp%2Fv2%2Fcomments&post=898"}],"version-history":[{"count":0,"href":"http:\/\/www.stefan-rauch.de\/index.php?rest_route=\/wp\/v2\/posts\/898\/revisions"}],"wp:featuredmedia":[{"embeddable":true,"href":"http:\/\/www.stefan-rauch.de\/index.php?rest_route=\/wp\/v2\/media\/950"}],"wp:attachment":[{"href":"http:\/\/www.stefan-rauch.de\/index.php?rest_route=%2Fwp%2Fv2%2Fmedia&parent=898"}],"wp:term":[{"taxonomy":"category","embeddable":true,"href":"http:\/\/www.stefan-rauch.de\/index.php?rest_route=%2Fwp%2Fv2%2Fcategories&post=898"},{"taxonomy":"post_tag","embeddable":true,"href":"http:\/\/www.stefan-rauch.de\/index.php?rest_route=%2Fwp%2Fv2%2Ftags&post=898"}],"curies":[{"name":"wp","href":"https:\/\/api.w.org\/{rel}","templated":true}]}}