{"id":134358,"date":"2014-08-06T07:59:50","date_gmt":"2014-08-06T05:59:50","guid":{"rendered":"http:\/\/www.stefan-rauch.de\/?p=134358"},"modified":"2014-08-06T08:00:42","modified_gmt":"2014-08-06T06:00:42","slug":"erlangener-triathlon","status":"publish","type":"post","link":"http:\/\/www.stefan-rauch.de\/?p=134358","title":{"rendered":"Erlangener Triathlon"},"content":{"rendered":"<p>An Sonntag startete ich beim Triathlon in Erlangen auf der Mitteldistanz. H\u00e4tte ich in Frankfurt nicht das Ticket f\u00fcr Hawaii gezogen, w\u00e4re das mein Saisonabschluss geworden. So war es eine erste schnelle Trainingseinheit auf meiner &#8222;Road to Kona&#8220;.<\/p>\n<p>Um so authentischer war es, dass der Neoprenanszug aufgrund der 25\u00b0C Wassertemperatur verboten war. Ich hatte mich wieder recht weit hinten positioniert (was im Nachhinein betrachtet vielleicht der Fehler war) und wurde nach dem Startschuss direkt wieder von hinten aufschwimmenden Armen unter Wasser gedr\u00fcckt, w\u00e4hrend ich nicht nach vorne weg kam weil wiederum langsame Schwimmer vor mir den Weg blockierten. Die fehlende Sicherheit, die ein Neo in so einer Startphase gibt hat dann wiedermal zu einer kleinen Panik gef\u00fchrt, so dass ich erst mal stehen bleiben musste und mir ernsthaft \u00fcberlegte, den Wettkampf abzubrechen. Nach einer kurzen Besinnungsphase am Rand des Main-Donau-Kanals, bin ich dann aber doch weiter. Dass nach der Startphase keine vern\u00fcnftige Schwimmzeit mehr rauskommen konnte, war klar.<\/p>\n<p>Daf\u00fcr ging dann beim Radfahren und Laufen die Post ab. Erlangen hat ja eine recht flache Radstrecke und das macht mir richtig Spa\u00df. Das gute an meinem schlechten Schwimmstart war, dass damit alle \u00dcberholman\u00f6ver gegen mich abgeschlossen waren: auf dem Rad und sp\u00e4ter beim Laufen war ich permanent auf der linken Spur und machte Platzierung um Platzierung gut.<\/p>\n<p>Am zweiten Wendepunkt beim Laufen bekam ich dann das erste mal einen \u00dcberblick, wo ich denn \u00fcberhaupt im Rennen so liege &#8230; das war doch nicht so schlecht, wie ich nach dem Schwimmen noch dachte. Vor allem konnte ich noch ziemlich viele Sportler aufsammeln, die mir an den Wendepunkten entgegen kamen. Im Ziel habe ich dann gesehen, dass ich im gesamten Feld die viertbeste Laufzeit hatte. Darauf bin ich ja schon ein bisschen stolz \ud83d\ude42<\/p>\n<p>Letztlich ging ich als 15ter in der Gesamtwertung und 3ter in meiner AK nach 4:02:13 \u00fcber den Zielstrich.<\/p>\n<p>Hier meine Ergebnisse im \u00dcberblick:<\/p>\n<table style=\"height: 97px;\" border=\"1\" width=\"577\" cellspacing=\"0\" cellpadding=\"0\">\n<tbody>\n<tr>\n<td valign=\"top\" width=\"365\"><strong>Triathlon Erlangen<br \/>\n<\/strong>2,0 km Schwimmen<br \/>\n80 km Radfahren<br \/>\n20 km Laufen<br \/>\n<em>Gesamt<\/em><\/td>\n<td valign=\"top\" width=\"300\"><strong>15. (AK 3.)<br \/>\n<\/strong>0:39:05 (\u00d8 1:58 min\/100m)<br \/>\n2:04:54 (\u00d8 38,4 km\/h)<br \/>\n1:18:14 (\u00d8 3:54 min\/km)<br \/>\n4<em>:02:13<\/em><\/td>\n<\/tr>\n<\/tbody>\n<\/table>\n<p>&nbsp;<\/p>\n","protected":false},"excerpt":{"rendered":"<p>An Sonntag startete ich beim Triathlon in Erlangen auf der Mitteldistanz. H\u00e4tte ich in Frankfurt nicht das Ticket f\u00fcr Hawaii gezogen, w\u00e4re das mein Saisonabschluss geworden. So war es eine erste schnelle Trainingseinheit auf meiner &#8222;Road to Kona&#8220;. Um so authentischer war es, dass der Neoprenanszug aufgrund der 25\u00b0C Wassertemperatur verboten war. Ich hatte mich &hellip; <a href=\"http:\/\/www.stefan-rauch.de\/?p=134358\" class=\"more-link\"><span class=\"screen-reader-text\">Erlangener Triathlon<\/span> weiterlesen <span class=\"meta-nav\">&rarr;<\/span><\/a><\/p>\n","protected":false},"author":1,"featured_media":134359,"comment_status":"open","ping_status":"open","sticky":false,"template":"","format":"standard","meta":{"footnotes":""},"categories":[4],"tags":[46],"_links":{"self":[{"href":"http:\/\/www.stefan-rauch.de\/index.php?rest_route=\/wp\/v2\/posts\/134358"}],"collection":[{"href":"http:\/\/www.stefan-rauch.de\/index.php?rest_route=\/wp\/v2\/posts"}],"about":[{"href":"http:\/\/www.stefan-rauch.de\/index.php?rest_route=\/wp\/v2\/types\/post"}],"author":[{"embeddable":true,"href":"http:\/\/www.stefan-rauch.de\/index.php?rest_route=\/wp\/v2\/users\/1"}],"replies":[{"embeddable":true,"href":"http:\/\/www.stefan-rauch.de\/index.php?rest_route=%2Fwp%2Fv2%2Fcomments&post=134358"}],"version-history":[{"count":9,"href":"http:\/\/www.stefan-rauch.de\/index.php?rest_route=\/wp\/v2\/posts\/134358\/revisions"}],"predecessor-version":[{"id":134371,"href":"http:\/\/www.stefan-rauch.de\/index.php?rest_route=\/wp\/v2\/posts\/134358\/revisions\/134371"}],"wp:featuredmedia":[{"embeddable":true,"href":"http:\/\/www.stefan-rauch.de\/index.php?rest_route=\/wp\/v2\/media\/134359"}],"wp:attachment":[{"href":"http:\/\/www.stefan-rauch.de\/index.php?rest_route=%2Fwp%2Fv2%2Fmedia&parent=134358"}],"wp:term":[{"taxonomy":"category","embeddable":true,"href":"http:\/\/www.stefan-rauch.de\/index.php?rest_route=%2Fwp%2Fv2%2Fcategories&post=134358"},{"taxonomy":"post_tag","embeddable":true,"href":"http:\/\/www.stefan-rauch.de\/index.php?rest_route=%2Fwp%2Fv2%2Ftags&post=134358"}],"curies":[{"name":"wp","href":"https:\/\/api.w.org\/{rel}","templated":true}]}}